{"provider_url": "https://www.saolourencodooeste.sc.leg.br", "title": "Programa Resgate Hist\u00f3rico", "html": "<p><span><br /></span></p>\r\n<p><span>O resgate hist\u00f3rico pode ser uma forma eficaz de unir uma comunidade, despertar nela o sentimento de pertencimento ao local onde vive, e possibilitar a\u00e7\u00f5es futuras. Assim, o Poder Legislativo Municipal, por meio da <strong><a class=\"external-link\" href=\"https://sapl.saolourencodooeste.sc.leg.br/norma/318\" target=\"_self\" title=\"\">Resolu\u00e7\u00e3o 164/2007</a></strong>, instituiu o Programa Resgate Hist\u00f3rico. Desde ent\u00e3o, a C\u00e2mara vem promovendo projetos e a\u00e7\u00f5es a fim de oportunizar ao lourenciano o conhecimento de sua hist\u00f3ria.</span></p>\r\n<p><span><br /></span></p>\r\n<h3>Acervo de Mem\u00f3ria(s)</h3>\r\n<p><span><br />Criado no ano de 2008, por ocasi\u00e3o do cinquenten\u00e1rio do Munic\u00edpio, a s\u00e9rie de cat\u00e1logos Acervo de Mem\u00f3ria(s) constitui um projeto de car\u00e1ter permanente e est\u00e1 dispon\u00edvel para acesso de qualquer cidad\u00e3o na sede do Legislativo. Atualmente, o acervo conta com 16 cat\u00e1logos, iniciando o resgate hist\u00f3rico pelos prim\u00f3rdios da forma\u00e7\u00e3o do munic\u00edpio e prosseguindo pelos per\u00edodos de cada legislatura. A s\u00e9rie recebe um novo volume ao final de cada mandato.</span></p>\r\n<table class=\"listing\">\r\n<tbody>\r\n<tr><th>Volume</th><th>Arquivo</th></tr>\r\n<tr>\r\n<td><span><a class=\"external-link\" href=\"https://sapl.saolourencodooeste.sc.leg.br/docadm/14\" target=\"_self\" title=\"\">Prim\u00f3rdios</a></span></td>\r\n<td><a class=\"external-link\" href=\"https://sapl.saolourencodooeste.sc.leg.br/media/sapl/private/documentoadministrativo/14/primordios.pdf\" target=\"_self\" title=\"\">PDF</a></td>\r\n</tr>\r\n<tr>\r\n<td><span><a class=\"external-link\" href=\"https://sapl.saolourencodooeste.sc.leg.br/docadm/15\" target=\"_self\" title=\"\">1\u00aa Legislatura 1959-1962</a></span></td>\r\n<td><a href=\"https://sapl.saolourencodooeste.sc.leg.br/docadm/texto_integral/15\" target=\"_self\">PDF</a></td>\r\n</tr>\r\n<tr>\r\n<td><span><a class=\"external-link\" href=\"https://sapl.saolourencodooeste.sc.leg.br/docadm/16\" target=\"_self\" title=\"\">2\u00aa Legislatura 1963-1966</a></span></td>\r\n<td><a class=\"external-link\" href=\"https://sapl.saolourencodooeste.sc.leg.br/media/sapl/private/documentoadministrativo/16/2a_legislatura.pdf\" target=\"_self\" title=\"\">PDF</a></td>\r\n</tr>\r\n<tr>\r\n<td><span><a href=\"https://sapl.saolourencodooeste.sc.leg.br/docadm/17\" target=\"_self\">3\u00aa Legislatura 1967-1969</a></span></td>\r\n<td><a class=\"external-link\" href=\"https://sapl.saolourencodooeste.sc.leg.br/media/sapl/private/documentoadministrativo/17/3a_legislatura.pdf\" target=\"_self\" title=\"\">PDF</a></td>\r\n</tr>\r\n<tr>\r\n<td><span><a class=\"external-link\" href=\"https://sapl.saolourencodooeste.sc.leg.br/docadm/18\" target=\"_self\" title=\"\">4\u00aa Legislatura 1970-1972</a></span></td>\r\n<td><a class=\"external-link\" href=\"https://sapl.saolourencodooeste.sc.leg.br/media/sapl/private/documentoadministrativo/18/4a_legislatura.pdf\" target=\"_self\" title=\"\">PDF</a></td>\r\n</tr>\r\n<tr>\r\n<td><span><a class=\"external-link\" href=\"https://sapl.saolourencodooeste.sc.leg.br/docadm/19\" target=\"_self\" title=\"\">5\u00aa Legislatura 1973-1976</a></span></td>\r\n<td><a class=\"external-link\" href=\"https://sapl.saolourencodooeste.sc.leg.br/media/sapl/private/documentoadministrativo/19/5a_legislatura.pdf\" target=\"_self\" title=\"\">PDF</a></td>\r\n</tr>\r\n<tr>\r\n<td><span><a class=\"external-link\" href=\"https://sapl.saolourencodooeste.sc.leg.br/docadm/20\" target=\"_self\" title=\"\">6\u00aa Legislatura 1977-1982</a></span></td>\r\n<td><a class=\"external-link\" href=\"https://sapl.saolourencodooeste.sc.leg.br/media/sapl/private/documentoadministrativo/20/6a_legislatura.pdf\" target=\"_self\" title=\"\">PDF</a></td>\r\n</tr>\r\n<tr>\r\n<td><span><a class=\"external-link\" href=\"https://sapl.saolourencodooeste.sc.leg.br/docadm/21\" target=\"_self\" title=\"\">7\u00aa Legislatura 1983-1988</a></span></td>\r\n<td><a class=\"external-link\" href=\"https://sapl.saolourencodooeste.sc.leg.br/media/sapl/private/documentoadministrativo/21/7a_legislatura.pdf\" target=\"_self\" title=\"\">PDF</a></td>\r\n</tr>\r\n<tr>\r\n<td><span><a class=\"external-link\" href=\"https://sapl.saolourencodooeste.sc.leg.br/docadm/22\" target=\"_self\" title=\"\">8\u00aa Legislatura 1989-1992</a></span></td>\r\n<td><a class=\"external-link\" href=\"https://sapl.saolourencodooeste.sc.leg.br/media/sapl/private/documentoadministrativo/22/8a_legislatura.pdf\" target=\"_self\" title=\"\">PDF</a></td>\r\n</tr>\r\n<tr>\r\n<td><span><a class=\"external-link\" href=\"https://sapl.saolourencodooeste.sc.leg.br/docadm/23\" target=\"_self\" title=\"\">9\u00aa Legislatura 1993-1996</a></span></td>\r\n<td><a class=\"external-link\" href=\"https://sapl.saolourencodooeste.sc.leg.br/media/sapl/private/documentoadministrativo/23/9a_legislatura.pdf\" target=\"_self\" title=\"\">PDF</a></td>\r\n</tr>\r\n<tr>\r\n<td><span><a class=\"external-link\" href=\"https://sapl.saolourencodooeste.sc.leg.br/docadm/28\" target=\"_self\" title=\"\">10\u00aa Legislatura 1997-2000</a></span></td>\r\n<td><a class=\"external-link\" href=\"https://sapl.saolourencodooeste.sc.leg.br/media/sapl/private/documentoadministrativo/28/10a_legislatura.pdf\" target=\"_self\" title=\"\">PDF</a></td>\r\n</tr>\r\n<tr>\r\n<td><span><a class=\"external-link\" href=\"https://sapl.saolourencodooeste.sc.leg.br/docadm/24\" target=\"_self\" title=\"\">11\u00aa Legislatura 2001-2004</a></span></td>\r\n<td><a class=\"external-link\" href=\"https://sapl.saolourencodooeste.sc.leg.br/media/sapl/private/documentoadministrativo/24/11a_legislatura.pdf\" target=\"_self\" title=\"\">PDF</a></td>\r\n</tr>\r\n<tr>\r\n<td><span><a class=\"external-link\" href=\"https://sapl.saolourencodooeste.sc.leg.br/docadm/29\" target=\"_self\" title=\"\">12\u00aa Legislatura 2005-2008</a></span></td>\r\n<td><a class=\"external-link\" href=\"https://sapl.saolourencodooeste.sc.leg.br/media/sapl/private/documentoadministrativo/29/12a_legislatura.pdf\" target=\"_self\" title=\"\">PDF</a></td>\r\n</tr>\r\n<tr>\r\n<td><span><a class=\"external-link\" href=\"https://sapl.saolourencodooeste.sc.leg.br/docadm/25\" target=\"_self\" title=\"\">13\u00aa Legislatura 2009-2012</a></span></td>\r\n<td><a class=\"external-link\" href=\"https://sapl.saolourencodooeste.sc.leg.br/media/sapl/private/documentoadministrativo/25/13a_legislatura.pdf\" target=\"_self\" title=\"\">PDF</a></td>\r\n</tr>\r\n<tr>\r\n<td><span><a class=\"external-link\" href=\"https://sapl.saolourencodooeste.sc.leg.br/docadm/26\" target=\"_self\" title=\"\">14\u00aa Legislatura 2013-2016</a></span></td>\r\n<td><a class=\"external-link\" href=\"https://sapl.saolourencodooeste.sc.leg.br/media/sapl/private/documentoadministrativo/26/14a_legislatura.pdf\" target=\"_self\" title=\"\">PDF</a></td>\r\n</tr>\r\n<tr>\r\n<td><a href=\"https://sapl.saolourencodooeste.sc.leg.br/docadm/27\" target=\"_self\">15\u00aa Legislatura 2017-2020</a></td>\r\n<td><a class=\"external-link\" href=\"https://sapl.saolourencodooeste.sc.leg.br/media/sapl/private/documentoadministrativo/27/15a_legislatura.pdf\" target=\"_self\" title=\"\">PDF</a></td>\r\n</tr>\r\n<tr>\r\n<td><a class=\"external-link\" href=\"https://sapl.saolourencodooeste.sc.leg.br/docadm/391\" target=\"_self\" title=\"\">16\u00aa Legislatura 2021-2024</a></td>\r\n<td><a class=\"external-link\" href=\"https://sapl.saolourencodooeste.sc.leg.br/docadm/texto_integral/391\" target=\"_self\" title=\"\">PDF</a></td>\r\n</tr>\r\n</tbody>\r\n</table>\r\n<p><span><br /></span></p>\r\n<h3>Livro - S\u00e3o Louren\u00e7o do Oeste em Mem\u00f3rias<strong></strong></h3>\r\n<p><span><br />Em 2016, a C\u00e2mara iniciou o processo de compila\u00e7\u00e3o dos cat\u00e1logos do Acervo de Mem\u00f3ria(s) para a elabora\u00e7\u00e3o do livro \"S\u00e3o Louren\u00e7o do Oeste em Mem\u00f3rias\", tendo como organizadores o secret\u00e1rio executivo \u00c9derson Hermann, a professora universit\u00e1ria Neli Bastezini Kronbauer, e o designer Kalu Moraes Lessa. Al\u00e9m da vers\u00e3o impressa, que pode ser consultada na C\u00e2mara, a obra tamb\u00e9m est\u00e1 dispon\u00edvel em formato digital (link a seguir).</span></p>\r\n<p><a class=\"external-link\" href=\"https://sapl.saolourencodooeste.sc.leg.br/docadm/texto_integral/30\" target=\"_self\" title=\"\"><img src=\"https://www.saolourencodooeste.sc.leg.br/imagens/WhatsAppImage20241113at15.59.32.jpeg\" alt=\"livrosaolourenco\" title=\"livrosaolourenco\" class=\"image-inline\" width=\"30%\" /></a></p>\r\n<p><strong><a class=\"external-link\" href=\"https://sapl.saolourencodooeste.sc.leg.br/docadm/30\" target=\"_self\" title=\"\">Clique AQUI para consultar e baixar o livro</a></strong></p>\r\n<p><strong><br /></strong></p>\r\n<h3>Livro - As hist\u00f3rias por tr\u00e1s das denomina\u00e7\u00f5es dos espa\u00e7os p\u00fablicos de S\u00e3o Louren\u00e7o do Oeste</h3>\r\n<p>\u00a0</p>\r\n<p>A obra \u00e9 iniciativa da C\u00e2mara Municipal, organizada pelos servidores \u00c9derson Hermann, F\u00e1bio Regert e Samara Graciolli e conta ainda com a colabora\u00e7\u00e3o da professora Neli Bastezini Krombauer. O trabalho come\u00e7ou a ganhar forma no m\u00eas de julho de 2022.</p>\r\n<p>O principal objetivo do livro \u00e9 trazer, em forma de homenagem, a biografia de todas as pessoas que d\u00e3o nome a espa\u00e7os p\u00fablicos em S\u00e3o Louren\u00e7o do Oeste, seja em ruas, pra\u00e7as, escolas, gin\u00e1sios, entre outros.</p>\r\n<p>O livro conta com cerca de 300 biografias, juntando-se fotos e demais informa\u00e7\u00f5es de personalidades, pessoas que contribu\u00edram para o desenvolvimento do munic\u00edpio lourenciano, datas e fatos hist\u00f3ricos que levam nomes nos mais diversos espa\u00e7os p\u00fablicos da cidade e do interior.</p>\r\n<p>O livro pode ser adquirido junto ao Instituto Cultural de S\u00e3o Louren\u00e7o pelo pre\u00e7o de custo \u2013 R$65,00 - e todo recurso revertido para investimentos culturais.</p>\r\n<p><a class=\"external-link\" href=\"https://sapl.saolourencodooeste.sc.leg.br/docadm/texto_integral/171\" target=\"_self\" title=\"\"><img src=\"https://www.saolourencodooeste.sc.leg.br/imagens/CapaFrente.jpg\" alt=\"livrohistorias\" title=\"livrohistorias\" class=\"image-inline\" width=\"30%\" /></a></p>\r\n<p><strong><a class=\"external-link\" href=\"https://sapl.saolourencodooeste.sc.leg.br/docadm/171\" target=\"_self\" title=\"\">Clique AQUI para consultar e baixar o livro</a></strong></p>\r\n<p><span><br /></span></p>", "author_name": "", "version": "1.0", "author_url": "https://www.saolourencodooeste.sc.leg.br/author/fabio.regert", "provider_name": "C\u00e2mara Municipal de S\u00e3o Louren\u00e7o do Oeste", "type": "rich"}