{"provider_url": "https://www.saolourencodooeste.sc.leg.br", "title": "Programa Parlamento Jovem", "html": "<p><span><br /></span></p>\r\n<p><span>Institu\u00eddo em 2009, o Programa Parlamento Jovem j\u00e1 est\u00e1 incorporado \u00e0 sociedade lourenciana. \u00c9 de grande relev\u00e2ncia pois envolve Legislativo, escolas e, principalmente, alunos entre 11 e 14 anos, das esferas municipal, estadual e privada. Com este programa, o Poder colabora, de maneira expressiva, com a\u00e7\u00f5es de forma\u00e7\u00e3o e informa\u00e7\u00e3o \u00e0 sociedade lourenciana, voltadas ao processo pol\u00edtico/democr\u00e1tico e ao exerc\u00edcio pleno de pr\u00e1ticas cidad\u00e3s.</span></p>\r\n<p>Com mandato anual, constitui-se em uma estrat\u00e9gia para os trabalhos do Poder Legislativo chegarem \u00e0 comunidade escolar e ao p\u00fablico. Todas as reivindica\u00e7\u00f5es feitas pelos vereadores mirins s\u00e3o transformadas em carta que, aprovada pela C\u00e2mara, \u00e9 encaminhada \u00e0s autoridades competentes para a resolutividade dos problemas apontados. Logo a atividade legislativa ultrapassa a representatividade de grupos.</p>\r\n<p>Os representantes que comp\u00f5e o Programa Parlamento Jovem s\u00e3o escolhidos nas escolas, anualmente, sempre no in\u00edcio das atividades letivas, e, dentre eles \u00e9 escolhida a Mesa Diretora.</p>\r\n<h3><strong><br /></strong></h3>\r\n<h3><strong><br /></strong></h3>\r\n<h3><strong><a class=\"external-link\" href=\"https://www.youtube.com/@camaraslo/streams\" target=\"_self\" title=\"SESS\u00d5ES C\u00c2MARA MIRIM \">\u00a0ACOMPANHE AS SESS\u00d5ES</a></strong>\u00a0</h3>\r\n<h3></h3>\r\n<h3></h3>\r\n<h3></h3>\r\n<p>\u00a0</p>\r\n<h3>Composi\u00e7\u00e3o da 14\u00aa Legislatura da C\u00e2mara Jovem</h3>\r\n<p>\u00a0</p>\r\n<p><img src=\"https://www.saolourencodooeste.sc.leg.br/imagens/quadro_parlamento_jovem_39x29cm_W.jpg\" alt=\"Parlamento Jovem 2025\" title=\"Parlamento Jovem 2025\" class=\"image-inline\" width=\"100%\" /></p>\r\n<p>\u00a0</p>\r\n<h3>Legislaturas</h3>\r\n<p>\u00a0</p>\r\n<table class=\"listing\">\r\n<tbody>\r\n<tr><th>Ano</th><th>Legislatura</th></tr>\r\n<tr>\r\n<td class=\" \"><strong><a title=\"\" href=\"https://www.saolourencodooeste.sc.leg.br/institucional/parlamento-jovem/2010\" class=\"internal-link\" target=\"_self\">2010</a></strong></td>\r\n<td class=\" \"><strong><a title=\"\" href=\"https://www.saolourencodooeste.sc.leg.br/institucional/parlamento-jovem/2010\" class=\"internal-link\" target=\"_self\">1\u00aa Legislatura</a></strong></td>\r\n</tr>\r\n<tr>\r\n<td><strong><a title=\"\" href=\"https://www.saolourencodooeste.sc.leg.br/institucional/parlamento-jovem/2011\" class=\"internal-link\" target=\"_self\">2011</a></strong></td>\r\n<td><strong><a title=\"\" href=\"https://www.saolourencodooeste.sc.leg.br/institucional/parlamento-jovem/2011\" class=\"internal-link\" target=\"_self\">2\u00aa Legislatura</a></strong></td>\r\n</tr>\r\n<tr>\r\n<td><strong><a title=\"\" href=\"https://www.saolourencodooeste.sc.leg.br/institucional/parlamento-jovem/2012\" class=\"internal-link\" target=\"_self\">2012</a></strong></td>\r\n<td><strong><a title=\"\" href=\"https://www.saolourencodooeste.sc.leg.br/institucional/parlamento-jovem/2012\" class=\"internal-link\" target=\"_self\">3\u00aa Legislatura</a></strong></td>\r\n</tr>\r\n<tr>\r\n<td><strong><a title=\"\" href=\"https://www.saolourencodooeste.sc.leg.br/institucional/parlamento-jovem/2013\" class=\"internal-link\" target=\"_self\">2013</a></strong></td>\r\n<td><strong><a title=\"\" href=\"https://www.saolourencodooeste.sc.leg.br/institucional/parlamento-jovem/2013\" class=\"internal-link\" target=\"_self\">4\u00aa Legislatura</a></strong></td>\r\n</tr>\r\n<tr>\r\n<td><strong><a title=\"\" href=\"https://www.saolourencodooeste.sc.leg.br/institucional/parlamento-jovem/2014\" class=\"internal-link\" target=\"_self\">2014</a></strong></td>\r\n<td><strong><a title=\"\" href=\"https://www.saolourencodooeste.sc.leg.br/institucional/parlamento-jovem/2014\" class=\"internal-link\" target=\"_self\">5\u00aa Legislatura</a></strong></td>\r\n</tr>\r\n<tr>\r\n<td><strong><a title=\"\" href=\"https://www.saolourencodooeste.sc.leg.br/institucional/parlamento-jovem/2015\" class=\"internal-link\" target=\"_self\">2015</a></strong></td>\r\n<td><strong><a title=\"\" href=\"https://www.saolourencodooeste.sc.leg.br/institucional/parlamento-jovem/2015\" class=\"internal-link\" target=\"_self\">6\u00aa Legislatura</a></strong></td>\r\n</tr>\r\n<tr>\r\n<td><strong><a title=\"\" href=\"https://www.saolourencodooeste.sc.leg.br/institucional/parlamento-jovem/2016\" class=\"internal-link\" target=\"_self\">2016</a></strong></td>\r\n<td><strong><a title=\"\" href=\"https://www.saolourencodooeste.sc.leg.br/institucional/parlamento-jovem/2016\" class=\"internal-link\" target=\"_self\">7\u00aa Legislatura</a></strong></td>\r\n</tr>\r\n<tr>\r\n<td><strong><a title=\"\" href=\"https://www.saolourencodooeste.sc.leg.br/institucional/parlamento-jovem/2017\" class=\"internal-link\" target=\"_self\">2017</a></strong></td>\r\n<td><strong><a title=\"\" href=\"https://www.saolourencodooeste.sc.leg.br/institucional/parlamento-jovem/2017\" class=\"internal-link\" target=\"_self\">8\u00aa Legislatura</a></strong></td>\r\n</tr>\r\n<tr>\r\n<td><strong><a title=\"\" href=\"https://www.saolourencodooeste.sc.leg.br/institucional/parlamento-jovem/2018\" class=\"internal-link\" target=\"_self\">2018</a></strong></td>\r\n<td><strong><a title=\"\" href=\"https://www.saolourencodooeste.sc.leg.br/institucional/parlamento-jovem/2018\" class=\"internal-link\" target=\"_self\">9\u00aa Legislatura</a></strong></td>\r\n</tr>\r\n<tr>\r\n<td><strong><a title=\"\" href=\"https://www.saolourencodooeste.sc.leg.br/institucional/parlamento-jovem/2019\" class=\"internal-link\" target=\"_self\">2019</a></strong></td>\r\n<td><strong><a title=\"\" href=\"https://www.saolourencodooeste.sc.leg.br/institucional/parlamento-jovem/2019\" class=\"internal-link\" target=\"_self\">10\u00aa Legislatura</a></strong></td>\r\n</tr>\r\n<tr>\r\n<td><strong><a title=\"\" href=\"https://www.saolourencodooeste.sc.leg.br/institucional/parlamento-jovem/2022\" class=\"internal-link\" target=\"_self\">2022</a></strong></td>\r\n<td><strong><a title=\"\" href=\"https://www.saolourencodooeste.sc.leg.br/institucional/parlamento-jovem/2022\" class=\"internal-link\" target=\"_self\">11\u00aa Legislatura</a></strong></td>\r\n</tr>\r\n<tr>\r\n<td><strong><a title=\"\" href=\"https://www.saolourencodooeste.sc.leg.br/institucional/parlamento-jovem/2023\" class=\"internal-link\" target=\"_self\">2023</a></strong></td>\r\n<td><strong><a title=\"\" href=\"https://www.saolourencodooeste.sc.leg.br/institucional/parlamento-jovem/2023\" class=\"internal-link\" target=\"_self\">12\u00aa Legislatura</a></strong></td>\r\n</tr>\r\n<tr>\r\n<td><strong><a title=\"\" href=\"https://www.saolourencodooeste.sc.leg.br/institucional/parlamento-jovem/2024\" class=\"internal-link\" target=\"_self\">2024</a></strong></td>\r\n<td><strong><a title=\"\" href=\"https://www.saolourencodooeste.sc.leg.br/institucional/parlamento-jovem/2024\" class=\"internal-link\" target=\"_self\">13\u00aa Legislatura</a></strong></td>\r\n</tr>\r\n<tr>\r\n<td><strong><a title=\"\" href=\"https://www.saolourencodooeste.sc.leg.br/institucional/parlamento-jovem/2025/\" class=\"external-link\" target=\"_self\">2025</a></strong></td>\r\n<td><strong><a title=\"\" href=\"https://www.saolourencodooeste.sc.leg.br/institucional/parlamento-jovem/2025/\" class=\"external-link\" target=\"_self\">14\u00aa Legislatura</a></strong></td>\r\n</tr>\r\n</tbody>\r\n</table>\r\n<p>\u00a0</p>\r\n<h3>Regulamentos</h3>\r\n<p><span><br /></span></p>\r\n<table class=\"listing\">\r\n<tbody>\r\n<tr><th>Norma legal</th><th>Ementa</th></tr>\r\n<tr>\r\n<td><strong><a class=\"external-link\" href=\"https://sapl.saolourencodooeste.sc.leg.br/norma/116\" target=\"_self\" title=\"\">Decreto Legislativo n\u00ba 641, de 09/09/2009</a></strong></td>\r\n<td><span>Disp\u00f5e sobre a cria\u00e7\u00e3o do Programa Parlamento Jovem no munic\u00edpio de S\u00e3o Louren\u00e7o do Oeste e d\u00e1 outras provid\u00eancias.</span></td>\r\n</tr>\r\n<tr>\r\n<td><strong><a class=\"external-link\" href=\"https://sapl.saolourencodooeste.sc.leg.br/norma/168\" target=\"_self\" title=\"\">Decreto Legislativo n\u00ba 694, de 17/03/2015</a></strong></td>\r\n<td>\r\n<p>Altera o Decreto Legislativo n\u00ba 641, de 09 de setembro de 2009, que disp\u00f5e sobre a cria\u00e7\u00e3o do Programa Parlamento Jovem no munic\u00edpio de S\u00e3o Louren\u00e7o do Oeste e d\u00e1 outras provid\u00eancias.</p>\r\n</td>\r\n</tr>\r\n<tr>\r\n<td><strong><a class=\"external-link\" href=\"https://sapl.saolourencodooeste.sc.leg.br/norma/231\" target=\"_self\" title=\"\">Decreto Legislativo n\u00ba 757, de 13/12/2022</a></strong></td>\r\n<td><span>Altera o Decreto Legislativo n\u00ba 641/2009, que Disp\u00f5e sobre a cria\u00e7\u00e3o do Programa Parlamento Jovem no munic\u00edpio de S\u00e3o Louren\u00e7o do Oeste e d\u00e1 outras provid\u00eancias.</span></td>\r\n</tr>\r\n<tr>\r\n<td><strong><a class=\"external-link\" href=\"https://sapl.saolourencodooeste.sc.leg.br/norma/325\" target=\"_self\" title=\"\">Resolu\u00e7\u00e3o n\u00ba 171, de 17/12/2009</a></strong></td>\r\n<td><span>Disp\u00f5e sobre o Regimento Interno da C\u00e2mara Jovem do Munic\u00edpio de S\u00e3o Louren\u00e7o do Oeste.</span></td>\r\n</tr>\r\n<tr>\r\n<td><strong><a class=\"external-link\" href=\"https://sapl.saolourencodooeste.sc.leg.br/norma/364\" target=\"_self\" title=\"\">Resolu\u00e7\u00e3o n\u00ba 213, de 13/12/2022</a></strong></td>\r\n<td><span>Altera a Resolu\u00e7\u00e3o n\u00ba 171/2009, que disp\u00f5e sobre o Regimento Interno da C\u00e2mara Jovem do munic\u00edpio de S\u00e3o Louren\u00e7o do Oeste.</span></td>\r\n</tr>\r\n<tr>\r\n<td><strong><a href=\"https://sapl.saolourencodooeste.sc.leg.br/norma/329\" target=\"_self\">Resolu\u00e7\u00e3o n\u00ba 175, de 23/11/2010</a></strong></td>\r\n<td><span>Cria no \u00e2mbito do Programa Parlamento Jovem o Conselho Legislativo Mirim.</span></td>\r\n</tr>\r\n</tbody>\r\n</table>", "author_name": "", "version": "1.0", "author_url": "https://www.saolourencodooeste.sc.leg.br/author/fabio.regert", "provider_name": "C\u00e2mara Municipal de S\u00e3o Louren\u00e7o do Oeste", "type": "rich"}