{"provider_url": "https://www.saolourencodooeste.sc.leg.br", "title": "Galeria de Presidentes", "html": "<table class=\"listing\"><colgroup><col span=\"2\" width=\"64\"> <col width=\"174\"> <col width=\"64\"> </colgroup>\r\n<tbody>\r\n<tr><th>N\u00ba</th><th>Imagem</th><th>Nome</th><th>Partido</th><th>In\u00edcio</th><th>T\u00e9rmino</th></tr>\r\n<tr>\r\n<td class=\"xl67\">44</td>\r\n<td class=\"xl67\"><img class=\"image-inline external-image\" src=\"https://sapl.saolourencodooeste.sc.leg.br/media/sapl/public/parlamentar/219/edison-demarchi.jpg.128x128_q85_box-0%2C24%2C521%2C545_crop_detail.jpg\" /></td>\r\n<td><strong><a class=\"external-link\" href=\"https://sapl.saolourencodooeste.sc.leg.br/parlamentar/219\" target=\"_self\" title=\"\">Edison Demarchi</a></strong></td>\r\n<td>PL</td>\r\n<td>01/01/2026</td>\r\n<td></td>\r\n</tr>\r\n<tr>\r\n<td class=\"xl67\">43</td>\r\n<td class=\"xl67\"><img class=\"image-inline external-image\" height=\"128\" src=\"https://sapl.saolourencodooeste.sc.leg.br/media/sapl/public/parlamentar/217/joao-suldowski-b.jpg.128x128_q85_box-0%2C17%2C521%2C538_crop_detail.jpg\" width=\"128\" /></td>\r\n<td><strong><a class=\"external-link\" href=\"https://sapl.saolourencodooeste.sc.leg.br/parlamentar/217\" target=\"_self\" title=\"\">Jo\u00e3o Carlos Suldowski</a></strong></td>\r\n<td>PP</td>\r\n<td>01/01/2025</td>\r\n<td>31/12/2025</td>\r\n</tr>\r\n<tr class=\"odd\">\r\n<td class=\"xl67\"><strong>17\u00aa</strong></td>\r\n<td class=\"xl67\"><strong>Legislatura</strong></td>\r\n<td><strong><a class=\"external-link\" href=\"https://sapl.saolourencodooeste.sc.leg.br/parlamentar/3\" target=\"_self\" title=\"\"></a></strong></td>\r\n<td></td>\r\n<td><strong>01/01/2025</strong></td>\r\n<td><strong>31/12/2028</strong></td>\r\n</tr>\r\n<tr>\r\n<td class=\"xl67\">42</td>\r\n<td class=\"xl67\"><a class=\"external-link\" href=\"https://sapl.saolourencodooeste.sc.leg.br/parlamentar/3\" target=\"_self\" title=\"\"><img class=\"image-inline external-image\" src=\"https://sapl.saolourencodooeste.sc.leg.br/media/sapl/public/parlamentar/3/marlice_villani_perazoli.jpg.128x128_q85_box-0%2C19%2C540%2C559_crop_detail.jpg\" /></a></td>\r\n<td><strong><a class=\"external-link\" href=\"https://sapl.saolourencodooeste.sc.leg.br/parlamentar/3\" target=\"_self\" title=\"\">Marlice Villani Perazoli</a></strong></td>\r\n<td>MDB</td>\r\n<td>01/01/2024</td>\r\n<td>31/12/2024</td>\r\n</tr>\r\n<tr>\r\n<td class=\"xl67\">41</td>\r\n<td class=\"xl67\"><a class=\"external-link\" href=\"https://sapl.saolourencodooeste.sc.leg.br/parlamentar/1\" target=\"_self\" title=\"\"><img class=\"image-inline external-image\" src=\"https://sapl.saolourencodooeste.sc.leg.br/media/sapl/public/parlamentar/1/renna_higor_fedrigo.jpg.128x128_q85_box-0%2C12%2C540%2C552_crop_detail.jpg\" /></a></td>\r\n<td><strong><a class=\"external-link\" href=\"https://sapl.saolourencodooeste.sc.leg.br/parlamentar/1\" target=\"_self\" title=\"\">Renn\u00e3 Higor Fedrigo</a></strong></td>\r\n<td>MDB</td>\r\n<td>01/01/2023</td>\r\n<td>31/12/2023</td>\r\n</tr>\r\n<tr>\r\n<td class=\"xl67\">40</td>\r\n<td class=\"xl67\"><a class=\"external-link\" href=\"https://sapl.saolourencodooeste.sc.leg.br/parlamentar/4\" target=\"_self\" title=\"\"><img class=\"image-inline external-image\" src=\"https://sapl.saolourencodooeste.sc.leg.br/media/sapl/public/parlamentar/4/edson_ferrari.jpg.128x128_q85_box-0%2C7%2C540%2C547_crop_detail.jpg\" /></a></td>\r\n<td><strong><a class=\"external-link\" href=\"https://sapl.saolourencodooeste.sc.leg.br/parlamentar/4\" target=\"_self\" title=\"\">Edson Ferrari</a></strong></td>\r\n<td>MDB</td>\r\n<td>02/09/2022</td>\r\n<td>31/12/2022</td>\r\n</tr>\r\n<tr>\r\n<td class=\"xl67\">39</td>\r\n<td class=\"xl67\"><a class=\"external-link\" href=\"https://sapl.saolourencodooeste.sc.leg.br/parlamentar/9\" target=\"_self\" title=\"\"><img class=\"image-inline external-image\" src=\"https://sapl.saolourencodooeste.sc.leg.br/media/sapl/public/parlamentar/9/adilson_speranca.jpg.128x128_q85_box-0%2C14%2C540%2C554_crop_detail.jpg\" /></a></td>\r\n<td><strong><a class=\"external-link\" href=\"https://sapl.saolourencodooeste.sc.leg.br/parlamentar/9\" target=\"_self\" title=\"\">Adilson Speran\u00e7a</a></strong></td>\r\n<td>PL</td>\r\n<td>07/07/2021</td>\r\n<td>01/09/2022</td>\r\n</tr>\r\n<tr>\r\n<td class=\"xl67\">38</td>\r\n<td class=\"xl67\"><a class=\"external-link\" href=\"https://sapl.saolourencodooeste.sc.leg.br/parlamentar/10\" target=\"_self\" title=\"\"><img class=\"image-inline external-image\" src=\"https://sapl.saolourencodooeste.sc.leg.br/media/sapl/public/parlamentar/10/edison_ranzan.jpg.128x128_q85_box-0%2C26%2C540%2C566_crop_detail.jpg\" /></a></td>\r\n<td><strong><a class=\"external-link\" href=\"https://sapl.saolourencodooeste.sc.leg.br/parlamentar/10\" target=\"_self\" title=\"\">Edilso Paulo Ranzan</a></strong></td>\r\n<td>MDB</td>\r\n<td>01/01/2021</td>\r\n<td>06/07/2021</td>\r\n</tr>\r\n<tr class=\"odd\">\r\n<td class=\"xl67\"><strong>16\u00aa</strong></td>\r\n<td class=\"xl67\"><strong>Legislatura</strong></td>\r\n<td><strong><a class=\"external-link\" href=\"https://sapl.saolourencodooeste.sc.leg.br/parlamentar/212\" target=\"_self\" title=\"\"></a></strong></td>\r\n<td></td>\r\n<td><strong>01/01/2021</strong></td>\r\n<td><strong>31/12/2024</strong></td>\r\n</tr>\r\n<tr>\r\n<td class=\"xl67\">37</td>\r\n<td class=\"xl67\"><a class=\"external-link\" href=\"https://sapl.saolourencodooeste.sc.leg.br/parlamentar/212\" target=\"_self\" title=\"\"><img class=\"image-inline external-image\" src=\"https://sapl.saolourencodooeste.sc.leg.br/media/sapl/public/parlamentar/212/alexandro_ferrari.jpg.128x128_q85_box-0%2C0%2C540%2C540_crop_detail.jpg\" /></a></td>\r\n<td><strong><a class=\"external-link\" href=\"https://sapl.saolourencodooeste.sc.leg.br/parlamentar/212\" target=\"_self\" title=\"\">Alexandro Ferrari</a></strong></td>\r\n<td>PT</td>\r\n<td>01/01/2019</td>\r\n<td>31/12/2020</td>\r\n</tr>\r\n<tr>\r\n<td class=\"xl67\">36</td>\r\n<td class=\"xl67\"><a class=\"external-link\" href=\"https://sapl.saolourencodooeste.sc.leg.br/parlamentar/197\" target=\"_self\" title=\"\"><img class=\"image-inline external-image\" src=\"https://sapl.saolourencodooeste.sc.leg.br/media/sapl/public/parlamentar/197/agustinho_assis_menegatti.jpg.128x128_q85_box-0%2C10%2C540%2C550_crop_detail.jpg\" /></a></td>\r\n<td><strong><a class=\"external-link\" href=\"https://sapl.saolourencodooeste.sc.leg.br/parlamentar/197\" target=\"_self\" title=\"\">Agustinho Assis Menegatti</a></strong></td>\r\n<td>PSDB</td>\r\n<td>01/01/2017</td>\r\n<td>31/12/2018</td>\r\n</tr>\r\n<tr class=\"odd\">\r\n<td class=\"xl67\"><strong>15\u00aa</strong></td>\r\n<td class=\"xl67\"><strong>Legislatura</strong></td>\r\n<td><strong><a class=\"external-link\" href=\"https://sapl.saolourencodooeste.sc.leg.br/parlamentar/133\" target=\"_self\" title=\"\"></a></strong></td>\r\n<td></td>\r\n<td><strong>01/01/2017</strong></td>\r\n<td><strong>31/12/2020</strong></td>\r\n</tr>\r\n<tr>\r\n<td class=\"xl67\">35</td>\r\n<td class=\"xl67\"><a class=\"external-link\" href=\"https://sapl.saolourencodooeste.sc.leg.br/parlamentar/133\" target=\"_self\" title=\"\"><img class=\"image-inline external-image\" src=\"https://sapl.saolourencodooeste.sc.leg.br/media/sapl/public/parlamentar/133/edu_antonio_borges_1.jpg.128x128_q85_box-0%2C11%2C595%2C605_crop_detail.jpg\" /></a></td>\r\n<td><strong><a class=\"external-link\" href=\"https://sapl.saolourencodooeste.sc.leg.br/parlamentar/133\" target=\"_self\" title=\"\">Edu Antonio Borges</a></strong></td>\r\n<td>PT</td>\r\n<td>01/01/2015</td>\r\n<td>31/12/2016</td>\r\n</tr>\r\n<tr>\r\n<td class=\"xl67\">34</td>\r\n<td class=\"xl67\"><a class=\"external-link\" href=\"https://sapl.saolourencodooeste.sc.leg.br/parlamentar/183\" target=\"_self\" title=\"\"><img class=\"image-inline external-image\" src=\"https://sapl.saolourencodooeste.sc.leg.br/media/sapl/public/parlamentar/183/walmor_jose_pederssetti_2.jpg.128x128_q85_box-0%2C29%2C540%2C569_crop_detail.jpg\" /></a></td>\r\n<td><strong><a class=\"external-link\" href=\"https://sapl.saolourencodooeste.sc.leg.br/parlamentar/183\" target=\"_self\" title=\"\">Walmor Jos\u00e9 Pederssetti</a></strong></td>\r\n<td>PMDB</td>\r\n<td>01/01/2013</td>\r\n<td>31/12/2014</td>\r\n</tr>\r\n<tr class=\"odd\">\r\n<td class=\"xl67\"><strong>14\u00aa</strong></td>\r\n<td class=\"xl67\"><strong>Legislatura</strong></td>\r\n<td><strong><a class=\"external-link\" href=\"https://sapl.saolourencodooeste.sc.leg.br/parlamentar/183\" target=\"_self\" title=\"\"></a></strong></td>\r\n<td></td>\r\n<td><strong>01/01/2013</strong></td>\r\n<td><strong>31/12/2016</strong></td>\r\n</tr>\r\n<tr>\r\n<td class=\"xl67\">33</td>\r\n<td class=\"xl67\"><a class=\"external-link\" href=\"https://sapl.saolourencodooeste.sc.leg.br/parlamentar/183\" target=\"_self\" title=\"\"><img class=\"image-inline external-image\" src=\"https://sapl.saolourencodooeste.sc.leg.br/media/sapl/public/parlamentar/183/walmor_jose_pederssetti_2.jpg.128x128_q85_box-0%2C29%2C540%2C569_crop_detail.jpg\" /></a></td>\r\n<td><strong><a class=\"external-link\" href=\"https://sapl.saolourencodooeste.sc.leg.br/parlamentar/183\" target=\"_self\" title=\"\">Walmor Jos\u00e9 Pederssetti</a></strong></td>\r\n<td>PMDB</td>\r\n<td>01/01/2011</td>\r\n<td>31/12/2012</td>\r\n</tr>\r\n<tr>\r\n<td class=\"xl67\">32</td>\r\n<td class=\"xl67\"><a class=\"external-link\" href=\"https://sapl.saolourencodooeste.sc.leg.br/parlamentar/187\" target=\"_self\" title=\"\"><img class=\"image-inline external-image\" src=\"https://sapl.saolourencodooeste.sc.leg.br/media/sapl/public/parlamentar/187/daniel_hippler.jpg.128x128_q85_box-0%2C0%2C540%2C540_crop_detail.jpg\" /></a></td>\r\n<td><strong><a class=\"external-link\" href=\"https://sapl.saolourencodooeste.sc.leg.br/parlamentar/187\" target=\"_self\" title=\"\">Daniel Rodrigo Hippler</a></strong></td>\r\n<td>PP</td>\r\n<td>01/01/2009</td>\r\n<td>31/12/2010</td>\r\n</tr>\r\n<tr class=\"odd\">\r\n<td class=\"xl67\"><strong>13\u00aa</strong></td>\r\n<td class=\"xl67\"><strong>Legislatura</strong></td>\r\n<td><strong><a class=\"external-link\" href=\"https://sapl.saolourencodooeste.sc.leg.br/parlamentar/168\" target=\"_self\" title=\"\"></a></strong></td>\r\n<td></td>\r\n<td><strong>01/01/2009</strong></td>\r\n<td><strong>31/12/2012</strong></td>\r\n</tr>\r\n<tr>\r\n<td class=\"xl67\">31</td>\r\n<td class=\"xl67\"><a class=\"external-link\" href=\"https://sapl.saolourencodooeste.sc.leg.br/parlamentar/168\" target=\"_self\" title=\"\"><img class=\"image-inline external-image\" src=\"https://sapl.saolourencodooeste.sc.leg.br/media/sapl/public/parlamentar/168/ilvo_ioris_2.jpg.128x128_q85_box-0%2C0%2C540%2C540_crop_detail.jpg\" /></a></td>\r\n<td><strong><a class=\"external-link\" href=\"https://sapl.saolourencodooeste.sc.leg.br/parlamentar/168\" target=\"_self\" title=\"\">Ilvo Gabriel Ioris</a></strong></td>\r\n<td>PP</td>\r\n<td>01/01/2007</td>\r\n<td>31/12/2008</td>\r\n</tr>\r\n<tr>\r\n<td class=\"xl67\">30</td>\r\n<td class=\"xl67\"><a class=\"external-link\" href=\"https://sapl.saolourencodooeste.sc.leg.br/parlamentar/152\" target=\"_self\" title=\"\"><img class=\"image-inline external-image\" src=\"https://sapl.saolourencodooeste.sc.leg.br/media/sapl/public/parlamentar/152/aldo_l_pan.jpg.128x128_q85_box-0%2C5%2C540%2C545_crop_detail.jpg\" /></a></td>\r\n<td><strong><a class=\"external-link\" href=\"https://sapl.saolourencodooeste.sc.leg.br/parlamentar/152\" target=\"_self\" title=\"\">Aldo Luiz Pan</a></strong></td>\r\n<td>PSDB</td>\r\n<td>01/01/2005</td>\r\n<td>31/12/2006</td>\r\n</tr>\r\n<tr class=\"odd\">\r\n<td class=\"xl67\"><strong>12\u00aa</strong></td>\r\n<td class=\"xl67\"><strong>Legislatura</strong></td>\r\n<td><strong><a class=\"external-link\" href=\"https://sapl.saolourencodooeste.sc.leg.br/parlamentar/153\" target=\"_self\" title=\"\"></a></strong></td>\r\n<td></td>\r\n<td><strong>01/01/2005</strong></td>\r\n<td><strong>31/12/2008</strong></td>\r\n</tr>\r\n<tr>\r\n<td class=\"xl67\">29</td>\r\n<td class=\"xl67\"><a class=\"external-link\" href=\"https://sapl.saolourencodooeste.sc.leg.br/parlamentar/153\" target=\"_self\" title=\"\"><img class=\"image-inline external-image\" src=\"https://sapl.saolourencodooeste.sc.leg.br/media/sapl/public/parlamentar/153/milton_kasper.jpg.128x128_q85_box-0%2C19%2C542%2C561_crop_detail.jpg\" /></a></td>\r\n<td><strong><a class=\"external-link\" href=\"https://sapl.saolourencodooeste.sc.leg.br/parlamentar/153\" target=\"_self\" title=\"\">Milton Kasper</a></strong></td>\r\n<td>PMDB</td>\r\n<td>01/01/2003</td>\r\n<td>31/12/2004</td>\r\n</tr>\r\n<tr>\r\n<td class=\"xl67\">28</td>\r\n<td class=\"xl67\"><a class=\"external-link\" href=\"https://sapl.saolourencodooeste.sc.leg.br/parlamentar/134\" target=\"_self\" title=\"\"><img class=\"image-inline external-image\" src=\"https://sapl.saolourencodooeste.sc.leg.br/media/sapl/public/parlamentar/134/geraldino_cardoso.jpg.128x128_q85_box-0%2C2%2C544%2C547_crop_detail.jpg\" /></a></td>\r\n<td><strong><a class=\"external-link\" href=\"https://sapl.saolourencodooeste.sc.leg.br/parlamentar/134\" target=\"_self\" title=\"\">Geraldino Cardoso</a></strong></td>\r\n<td>PT</td>\r\n<td>01/01/2001</td>\r\n<td>31/12/2002</td>\r\n</tr>\r\n<tr class=\"odd\">\r\n<td class=\"xl67\"><strong>11\u00aa</strong></td>\r\n<td class=\"xl67\"><strong>Legislatura</strong></td>\r\n<td><strong><a class=\"external-link\" href=\"https://sapl.saolourencodooeste.sc.leg.br/parlamentar/133\" target=\"_self\" title=\"\"></a></strong></td>\r\n<td></td>\r\n<td><strong>01/01/2001</strong></td>\r\n<td><strong>31/12/2004</strong></td>\r\n</tr>\r\n<tr>\r\n<td class=\"xl67\">27</td>\r\n<td class=\"xl67\"><a class=\"external-link\" href=\"https://sapl.saolourencodooeste.sc.leg.br/parlamentar/133\" target=\"_self\" title=\"\"><img class=\"image-inline external-image\" src=\"https://sapl.saolourencodooeste.sc.leg.br/media/sapl/public/parlamentar/133/edu_antonio_borges_1.jpg.128x128_q85_box-0%2C11%2C595%2C605_crop_detail.jpg\" /></a></td>\r\n<td><strong><a class=\"external-link\" href=\"https://sapl.saolourencodooeste.sc.leg.br/parlamentar/133\" target=\"_self\" title=\"\">Edu Antonio Borges</a></strong></td>\r\n<td>PT</td>\r\n<td>01/01/1999</td>\r\n<td>31/12/2000</td>\r\n</tr>\r\n<tr>\r\n<td class=\"xl67\">26</td>\r\n<td class=\"xl67\"><a class=\"external-link\" href=\"https://sapl.saolourencodooeste.sc.leg.br/parlamentar/52\" target=\"_self\" title=\"\"><img class=\"image-inline external-image\" src=\"https://sapl.saolourencodooeste.sc.leg.br/media/sapl/public/parlamentar/52/lidio_sutilli_1.jpg.128x128_q85_box-0%2C26%2C534%2C560_crop_detail.jpg\" /></a></td>\r\n<td><strong><a class=\"external-link\" href=\"https://sapl.saolourencodooeste.sc.leg.br/parlamentar/52\" target=\"_self\" title=\"\">L\u00eddio Sutilli</a></strong></td>\r\n<td>PMDB</td>\r\n<td>01/01/1997</td>\r\n<td>31/12/1998</td>\r\n</tr>\r\n<tr class=\"odd\">\r\n<td class=\"xl67\"><strong>10\u00aa</strong></td>\r\n<td class=\"xl67\"><strong>Legislatura</strong></td>\r\n<td><strong><a class=\"external-link\" href=\"https://sapl.saolourencodooeste.sc.leg.br/parlamentar/118\" target=\"_self\" title=\"\"></a></strong></td>\r\n<td></td>\r\n<td><strong>01/01/1997</strong></td>\r\n<td><strong>31/12/2000</strong></td>\r\n</tr>\r\n<tr>\r\n<td class=\"xl67\">25</td>\r\n<td class=\"xl67\"><a class=\"external-link\" href=\"https://sapl.saolourencodooeste.sc.leg.br/parlamentar/118\" target=\"_self\" title=\"\"><img class=\"image-inline external-image\" src=\"https://sapl.saolourencodooeste.sc.leg.br/media/sapl/public/parlamentar/118/joao_antonio_garcias.jpg.128x128_q85_box-0%2C10%2C551%2C560_crop_detail.jpg\" /></a></td>\r\n<td><strong><a class=\"external-link\" href=\"https://sapl.saolourencodooeste.sc.leg.br/parlamentar/118\" target=\"_self\" title=\"\">Jo\u00e3o Antonio Garcias</a></strong></td>\r\n<td>PT</td>\r\n<td>01/01/1995</td>\r\n<td>31/12/1996</td>\r\n</tr>\r\n<tr>\r\n<td class=\"xl67\">24</td>\r\n<td class=\"xl67\"><a class=\"external-link\" href=\"https://sapl.saolourencodooeste.sc.leg.br/parlamentar/122\" target=\"_self\" title=\"\"><img class=\"image-inline external-image\" src=\"https://sapl.saolourencodooeste.sc.leg.br/media/sapl/public/parlamentar/122/renato_hartwig_grahl.jpg.128x128_q85_box-0%2C181%2C542%2C722_crop_detail.jpg\" /></a></td>\r\n<td><strong><a class=\"external-link\" href=\"https://sapl.saolourencodooeste.sc.leg.br/parlamentar/122\" target=\"_self\" title=\"\">Renato Hartwig Grahl</a></strong></td>\r\n<td>PFL</td>\r\n<td>01/01/1993</td>\r\n<td>31/12/1994</td>\r\n</tr>\r\n<tr class=\"odd\">\r\n<td class=\"xl67\"><strong>9\u00aa</strong></td>\r\n<td class=\"xl67\"><strong>Legislatura</strong></td>\r\n<td><strong><a class=\"external-link\" href=\"https://sapl.saolourencodooeste.sc.leg.br/parlamentar/108\" target=\"_self\" title=\"\"></a></strong></td>\r\n<td></td>\r\n<td><strong>01/01/1993</strong></td>\r\n<td><strong>31/12/1996</strong></td>\r\n</tr>\r\n<tr>\r\n<td class=\"xl67\">23</td>\r\n<td class=\"xl67\"><a class=\"external-link\" href=\"https://sapl.saolourencodooeste.sc.leg.br/parlamentar/108\" target=\"_self\" title=\"\"><img class=\"image-inline external-image\" src=\"https://sapl.saolourencodooeste.sc.leg.br/media/sapl/public/parlamentar/108/ricardo_gewher_pattinelli.jpg.128x128_q85_box-0%2C0%2C532%2C532_crop_detail.jpg\" /></a></td>\r\n<td><strong><a class=\"external-link\" href=\"https://sapl.saolourencodooeste.sc.leg.br/parlamentar/108\" target=\"_self\" title=\"\">Ricardo G Pettinelli</a></strong></td>\r\n<td>PFL</td>\r\n<td>01/01/1991</td>\r\n<td>31/12/1992</td>\r\n</tr>\r\n<tr>\r\n<td class=\"xl67\">22</td>\r\n<td class=\"xl67\"><a class=\"external-link\" href=\"https://sapl.saolourencodooeste.sc.leg.br/parlamentar/103\" target=\"_self\" title=\"\"><img class=\"image-inline external-image\" src=\"https://sapl.saolourencodooeste.sc.leg.br/media/sapl/public/parlamentar/103/areovaldo_filipini.jpg.128x128_q85_box-0%2C0%2C528%2C529_crop_detail.jpg\" /></a></td>\r\n<td><strong><a class=\"external-link\" href=\"https://sapl.saolourencodooeste.sc.leg.br/parlamentar/103\" target=\"_self\" title=\"\">Aerovaldo Jos\u00e9 Filipini</a></strong></td>\r\n<td>PDS</td>\r\n<td>01/01/1989</td>\r\n<td>31/12/1990</td>\r\n</tr>\r\n<tr class=\"odd\">\r\n<td class=\"xl67\"><strong>8\u00aa</strong></td>\r\n<td class=\"xl67\"><strong>Legislatura</strong></td>\r\n<td><strong><a class=\"external-link\" href=\"https://sapl.saolourencodooeste.sc.leg.br/parlamentar/88\" target=\"_self\" title=\"\"></a></strong></td>\r\n<td></td>\r\n<td><strong>01/01/1989</strong></td>\r\n<td><strong>31/12/1992</strong></td>\r\n</tr>\r\n<tr>\r\n<td class=\"xl67\">21</td>\r\n<td class=\"xl67\"><a class=\"external-link\" href=\"https://sapl.saolourencodooeste.sc.leg.br/parlamentar/88\" target=\"_self\" title=\"\"><img class=\"image-inline external-image\" src=\"https://sapl.saolourencodooeste.sc.leg.br/media/sapl/public/parlamentar/88/silvestre_sganzerla.jpg.128x128_q85_box-0%2C12%2C543%2C554_crop_detail.jpg\" /></a></td>\r\n<td><strong><a class=\"external-link\" href=\"https://sapl.saolourencodooeste.sc.leg.br/parlamentar/88\" target=\"_self\" title=\"\">Silvestre Sganzerla</a></strong></td>\r\n<td>PMDB</td>\r\n<td>01/02/1987</td>\r\n<td>31/12/1988</td>\r\n</tr>\r\n<tr>\r\n<td class=\"xl67\">20</td>\r\n<td class=\"xl67\"><a class=\"external-link\" href=\"https://sapl.saolourencodooeste.sc.leg.br/parlamentar/97\" target=\"_self\" title=\"\"><img class=\"image-inline external-image\" src=\"https://sapl.saolourencodooeste.sc.leg.br/media/sapl/public/parlamentar/97/lucia_lazarin_2.jpg.128x128_q85_box-0%2C0%2C540%2C540_crop_detail.jpg\" /></a></td>\r\n<td><strong><a class=\"external-link\" href=\"https://sapl.saolourencodooeste.sc.leg.br/parlamentar/97\" target=\"_self\" title=\"\">Lucia Lazarin Milkevicz</a></strong></td>\r\n<td>PDS</td>\r\n<td>01/02/1985</td>\r\n<td>01/02/1987</td>\r\n</tr>\r\n<tr>\r\n<td class=\"xl67\">19</td>\r\n<td class=\"xl67\"><a class=\"external-link\" href=\"https://sapl.saolourencodooeste.sc.leg.br/parlamentar/91\" target=\"_self\" title=\"\"><img class=\"image-inline external-image\" src=\"https://sapl.saolourencodooeste.sc.leg.br/media/sapl/public/parlamentar/91/arno_ignacio_etges.jpg.128x128_q85_box-0%2C0%2C530%2C529_crop_detail.jpg\" /></a></td>\r\n<td><strong><a class=\"external-link\" href=\"https://sapl.saolourencodooeste.sc.leg.br/parlamentar/91\" target=\"_self\" title=\"\">Arno Ign\u00e1cio Etges</a></strong></td>\r\n<td>PDS</td>\r\n<td>01/02/1983</td>\r\n<td>01/02/1985</td>\r\n</tr>\r\n<tr class=\"odd\">\r\n<td class=\"xl67\"><strong>7\u00aa</strong></td>\r\n<td class=\"xl67\"><strong>Legislatura</strong></td>\r\n<td><strong><a class=\"external-link\" href=\"https://sapl.saolourencodooeste.sc.leg.br/parlamentar/86\" target=\"_self\" title=\"\"></a></strong></td>\r\n<td></td>\r\n<td><strong>01/02/1983</strong></td>\r\n<td><strong>31/12/1988</strong></td>\r\n</tr>\r\n<tr>\r\n<td class=\"xl67\">18</td>\r\n<td class=\"xl67\"><a class=\"external-link\" href=\"https://sapl.saolourencodooeste.sc.leg.br/parlamentar/86\" target=\"_self\" title=\"\"><img class=\"image-inline external-image\" src=\"https://sapl.saolourencodooeste.sc.leg.br/media/sapl/public/parlamentar/86/sadi_valduga.jpg.128x128_q85_box-0%2C55%2C514%2C569_crop_detail.jpg\" /></a></td>\r\n<td><strong><a class=\"external-link\" href=\"https://sapl.saolourencodooeste.sc.leg.br/parlamentar/86\" target=\"_self\" title=\"\">Sadi Valduga</a></strong></td>\r\n<td>MDB</td>\r\n<td>01/02/1981</td>\r\n<td>31/01/1983</td>\r\n</tr>\r\n<tr>\r\n<td class=\"xl67\">17</td>\r\n<td class=\"xl67\"><a class=\"external-link\" href=\"https://sapl.saolourencodooeste.sc.leg.br/parlamentar/84\" target=\"_self\" title=\"\"><img class=\"image-inline external-image\" src=\"https://sapl.saolourencodooeste.sc.leg.br/media/sapl/public/parlamentar/84/cirio_hippler.jpg.128x128_q85_box-0%2C62%2C540%2C602_crop_detail.jpg\" /></a></td>\r\n<td><strong><a class=\"external-link\" href=\"https://sapl.saolourencodooeste.sc.leg.br/parlamentar/84\" target=\"_self\" title=\"\">C\u00edrio Hippler</a></strong></td>\r\n<td>ARENA</td>\r\n<td>01/02/1979</td>\r\n<td>01/02/1981</td>\r\n</tr>\r\n<tr>\r\n<td class=\"xl67\">16</td>\r\n<td class=\"xl67\"><a class=\"external-link\" href=\"https://sapl.saolourencodooeste.sc.leg.br/parlamentar/65\" target=\"_self\" title=\"\"><img class=\"image-inline external-image\" src=\"https://sapl.saolourencodooeste.sc.leg.br/media/sapl/public/parlamentar/65/santo_zilli_NcTCsao.jpg.128x128_q85_box-0%2C0%2C533%2C533_crop_detail.jpg\" /></a></td>\r\n<td><strong><a class=\"external-link\" href=\"https://sapl.saolourencodooeste.sc.leg.br/parlamentar/65\" target=\"_self\" title=\"\">Santos Zilli</a></strong></td>\r\n<td>ARENA</td>\r\n<td>01/02/1977</td>\r\n<td>01/02/1979</td>\r\n</tr>\r\n<tr class=\"odd\">\r\n<td class=\"xl67\"><strong>6\u00aa</strong></td>\r\n<td class=\"xl67\"><strong>Legislatura</strong></td>\r\n<td><strong><a class=\"external-link\" href=\"https://sapl.saolourencodooeste.sc.leg.br/parlamentar/58\" target=\"_self\" title=\"\"></a></strong></td>\r\n<td></td>\r\n<td><strong>01/02/1977</strong></td>\r\n<td><strong>31/01/1983</strong></td>\r\n</tr>\r\n<tr>\r\n<td class=\"xl67\">15</td>\r\n<td class=\"xl67\"><a class=\"external-link\" href=\"https://sapl.saolourencodooeste.sc.leg.br/parlamentar/58\" target=\"_self\" title=\"\"><img class=\"image-inline external-image\" src=\"https://sapl.saolourencodooeste.sc.leg.br/media/sapl/public/parlamentar/58/olavio_erbes.jpg.128x128_q85_box-0%2C7%2C530%2C537_crop_detail.jpg\" /></a></td>\r\n<td><strong><a class=\"external-link\" href=\"https://sapl.saolourencodooeste.sc.leg.br/parlamentar/58\" target=\"_self\" title=\"\">Olavio Erbes</a></strong></td>\r\n<td>MDB</td>\r\n<td>04/02/1975</td>\r\n<td>31/01/1976</td>\r\n</tr>\r\n<tr>\r\n<td class=\"xl67\">14</td>\r\n<td class=\"xl67\"><a class=\"external-link\" href=\"https://sapl.saolourencodooeste.sc.leg.br/parlamentar/69\" target=\"_self\" title=\"\"><img class=\"image-inline external-image\" src=\"https://sapl.saolourencodooeste.sc.leg.br/media/sapl/public/parlamentar/69/euclides_menegatti.jpg.128x128_q85_box-0%2C0%2C531%2C531_crop_detail.jpg\" /></a></td>\r\n<td><strong><a class=\"external-link\" href=\"https://sapl.saolourencodooeste.sc.leg.br/parlamentar/69\" target=\"_self\" title=\"\">Euclides Menegatti</a></strong></td>\r\n<td>MDB</td>\r\n<td>31/01/1973</td>\r\n<td>04/02/1975</td>\r\n</tr>\r\n<tr class=\"odd\">\r\n<td class=\"xl67\"><strong>5\u00aa</strong></td>\r\n<td class=\"xl67\"><strong>Legislatura</strong></td>\r\n<td><strong><a class=\"external-link\" href=\"https://sapl.saolourencodooeste.sc.leg.br/parlamentar/56\" target=\"_self\" title=\"\"></a></strong></td>\r\n<td></td>\r\n<td><strong>31/01/1973</strong></td>\r\n<td><strong>01/01/1977</strong></td>\r\n</tr>\r\n<tr>\r\n<td class=\"xl67\">13</td>\r\n<td class=\"xl67\"><a class=\"external-link\" href=\"https://sapl.saolourencodooeste.sc.leg.br/parlamentar/56\" target=\"_self\" title=\"\"><img class=\"image-inline external-image\" src=\"https://sapl.saolourencodooeste.sc.leg.br/media/sapl/public/parlamentar/56/hermes_gabriel_ioris.jpg.128x128_q85_box-0%2C33%2C536%2C570_crop_detail.jpg\" /></a></td>\r\n<td><strong><a class=\"external-link\" href=\"https://sapl.saolourencodooeste.sc.leg.br/parlamentar/56\" target=\"_self\" title=\"\">Hermes Gabriel Ioris</a></strong></td>\r\n<td>ARENA</td>\r\n<td>01/02/1972</td>\r\n<td>31/01/1973</td>\r\n</tr>\r\n<tr>\r\n<td class=\"xl67\">12</td>\r\n<td class=\"xl67\"><a class=\"external-link\" href=\"https://sapl.saolourencodooeste.sc.leg.br/parlamentar/61\" target=\"_self\" title=\"\"><img class=\"image-inline external-image\" src=\"https://sapl.saolourencodooeste.sc.leg.br/media/sapl/public/parlamentar/61/adyr_pedro_fontana_maccagnan.jpg.128x128_q85_box-0%2C14%2C540%2C554_crop_detail.jpg\" /></a></td>\r\n<td><strong><a class=\"external-link\" href=\"https://sapl.saolourencodooeste.sc.leg.br/parlamentar/61\" target=\"_self\" title=\"\">Adyr Pedro Fontana Maccagnan</a></strong></td>\r\n<td>ARENA</td>\r\n<td>03/02/1970</td>\r\n<td>01/02/1972</td>\r\n</tr>\r\n<tr class=\"odd\">\r\n<td class=\"xl67\"><strong>4\u00aa</strong></td>\r\n<td class=\"xl67\"><strong>Legislatura</strong></td>\r\n<td><strong><a class=\"external-link\" href=\"https://sapl.saolourencodooeste.sc.leg.br/parlamentar/52\" target=\"_self\" title=\"\"></a><a class=\"external-link\" href=\"https://sapl.saolourencodooeste.sc.leg.br/parlamentar/52\" target=\"_self\" title=\"\"></a></strong></td>\r\n<td><strong></strong></td>\r\n<td><strong>31/01/1970</strong></td>\r\n<td><strong>31/01/1973</strong></td>\r\n</tr>\r\n<tr>\r\n<td class=\"xl67\">11</td>\r\n<td class=\"xl67\"><a class=\"external-link\" href=\"https://sapl.saolourencodooeste.sc.leg.br/parlamentar/52\" target=\"_self\" title=\"\"><img class=\"image-inline external-image\" src=\"https://sapl.saolourencodooeste.sc.leg.br/media/sapl/public/parlamentar/52/lidio_sutilli_1.jpg.128x128_q85_box-0%2C26%2C534%2C560_crop_detail.jpg\" /></a></td>\r\n<td><strong><a class=\"external-link\" href=\"https://sapl.saolourencodooeste.sc.leg.br/parlamentar/52\" target=\"_self\" title=\"\"><strong></strong></a><strong><a class=\"external-link\" href=\"https://sapl.saolourencodooeste.sc.leg.br/parlamentar/52\" target=\"_self\" title=\"\">L\u00eddio Sutilli</a></strong></strong></td>\r\n<td><span>MDB</span></td>\r\n<td>04/02/1969</td>\r\n<td>31/01/1970</td>\r\n</tr>\r\n<tr>\r\n<td class=\"xl67\">10</td>\r\n<td class=\"xl67\"><a class=\"external-link\" href=\"https://sapl.saolourencodooeste.sc.leg.br/parlamentar/52\" target=\"_self\" title=\"\"><img class=\"image-inline external-image\" src=\"https://sapl.saolourencodooeste.sc.leg.br/media/sapl/public/parlamentar/52/lidio_sutilli_1.jpg.128x128_q85_box-0%2C26%2C534%2C560_crop_detail.jpg\" /></a></td>\r\n<td><strong><a class=\"external-link\" href=\"https://sapl.saolourencodooeste.sc.leg.br/parlamentar/52\" target=\"_self\" title=\"\">L\u00eddio Sutilli</a></strong></td>\r\n<td>MDB</td>\r\n<td>06/02/1968</td>\r\n<td>04/02/1969</td>\r\n</tr>\r\n<tr>\r\n<td class=\"xl67\">9</td>\r\n<td class=\"xl67\"><a class=\"external-link\" href=\"https://sapl.saolourencodooeste.sc.leg.br/parlamentar/48\" target=\"_self\" title=\"\"><img class=\"image-inline external-image\" src=\"https://sapl.saolourencodooeste.sc.leg.br/media/sapl/public/parlamentar/48/dionisio_biazussi.jpg.128x128_q85_box-0%2C5%2C532%2C536_crop_detail.jpg\" /></a></td>\r\n<td><strong><a class=\"external-link\" href=\"https://sapl.saolourencodooeste.sc.leg.br/parlamentar/48\" target=\"_self\" title=\"\">Dion\u00edsio Biazussi</a></strong></td>\r\n<td>MDB</td>\r\n<td>08/02/1967</td>\r\n<td>06/02/1968</td>\r\n</tr>\r\n<tr class=\"odd\">\r\n<td class=\"xl67\"><strong>3\u00aa</strong></td>\r\n<td class=\"xl67\"><strong>Legislatura</strong></td>\r\n<td><strong><a class=\"external-link\" href=\"https://sapl.saolourencodooeste.sc.leg.br/parlamentar/41\" target=\"_self\" title=\"\"></a></strong></td>\r\n<td></td>\r\n<td><strong>31/01/1967</strong></td>\r\n<td><strong>31/01/1970</strong></td>\r\n</tr>\r\n<tr>\r\n<td class=\"xl67\">8</td>\r\n<td class=\"xl67\"><a class=\"external-link\" href=\"https://sapl.saolourencodooeste.sc.leg.br/parlamentar/41\" target=\"_self\" title=\"\"><img class=\"image-inline external-image\" src=\"https://sapl.saolourencodooeste.sc.leg.br/media/sapl/public/parlamentar/41/atilio_ferreira_bueno.jpg.128x128_q85_box-0%2C0%2C533%2C533_crop_detail.jpg\" /></a></td>\r\n<td><strong><a class=\"external-link\" href=\"https://sapl.saolourencodooeste.sc.leg.br/parlamentar/41\" target=\"_self\" title=\"\"><strong></strong></a><strong><a class=\"external-link\" href=\"https://sapl.saolourencodooeste.sc.leg.br/parlamentar/41\" target=\"_self\" title=\"\">At\u00edlio Ferreira Bueno</a></strong></strong></td>\r\n<td><span>UDN</span></td>\r\n<td>01/02/1966</td>\r\n<td>31/01/1967</td>\r\n</tr>\r\n<tr>\r\n<td class=\"xl67\">7</td>\r\n<td class=\"xl67\"><a class=\"external-link\" href=\"https://sapl.saolourencodooeste.sc.leg.br/parlamentar/44\" target=\"_self\" title=\"\"><img class=\"image-inline external-image\" src=\"https://sapl.saolourencodooeste.sc.leg.br/media/sapl/public/parlamentar/44/idio_pazini_bastezini.jpg.128x128_q85_box-0%2C100%2C538%2C637_crop_detail.jpg\" /></a></td>\r\n<td><strong><a class=\"external-link\" href=\"https://sapl.saolourencodooeste.sc.leg.br/parlamentar/41\" target=\"_self\" title=\"\"><strong></strong></a><strong><a class=\"external-link\" href=\"https://sapl.saolourencodooeste.sc.leg.br/parlamentar/44\" target=\"_self\" title=\"\">Idio Pazini Bastezini</a></strong></strong></td>\r\n<td><span>UDN</span></td>\r\n<td>02/02/1965</td>\r\n<td>01/02/1966</td>\r\n</tr>\r\n<tr>\r\n<td class=\"xl67\">6</td>\r\n<td class=\"xl67\"><a class=\"external-link\" href=\"https://sapl.saolourencodooeste.sc.leg.br/parlamentar/41\" target=\"_self\" title=\"\"><img class=\"image-inline external-image\" src=\"https://sapl.saolourencodooeste.sc.leg.br/media/sapl/public/parlamentar/41/atilio_ferreira_bueno.jpg.128x128_q85_box-0%2C0%2C533%2C533_crop_detail.jpg\" /></a></td>\r\n<td><strong><a class=\"external-link\" href=\"https://sapl.saolourencodooeste.sc.leg.br/parlamentar/41\" target=\"_self\" title=\"\">At\u00edlio Ferreira Bueno</a></strong></td>\r\n<td>UDN</td>\r\n<td>04/02/1964</td>\r\n<td>02/02/1965</td>\r\n</tr>\r\n<tr>\r\n<td class=\"xl67\">5</td>\r\n<td class=\"xl67\"><a class=\"external-link\" href=\"https://sapl.saolourencodooeste.sc.leg.br/parlamentar/44\" target=\"_self\" title=\"\"><img class=\"image-inline external-image\" src=\"https://sapl.saolourencodooeste.sc.leg.br/media/sapl/public/parlamentar/44/idio_pazini_bastezini.jpg.128x128_q85_box-0%2C100%2C538%2C637_crop_detail.jpg\" /></a></td>\r\n<td><strong><a class=\"external-link\" href=\"https://sapl.saolourencodooeste.sc.leg.br/parlamentar/44\" target=\"_self\" title=\"\">Idio Pazini Bastezini</a></strong></td>\r\n<td>UDN</td>\r\n<td>05/02/1963</td>\r\n<td>04/02/1964</td>\r\n</tr>\r\n<tr class=\"odd\">\r\n<td class=\"xl67\"><strong>2\u00aa</strong></td>\r\n<td class=\"xl67\"><strong>Legislatura</strong></td>\r\n<td><strong><a class=\"external-link\" href=\"https://sapl.saolourencodooeste.sc.leg.br/parlamentar/28\" target=\"_self\" title=\"\"></a></strong></td>\r\n<td></td>\r\n<td><strong>31/01/1963</strong></td>\r\n<td><strong>31/01/1967</strong></td>\r\n</tr>\r\n<tr>\r\n<td class=\"xl67\">4</td>\r\n<td class=\"xl67\"><a class=\"external-link\" href=\"https://sapl.saolourencodooeste.sc.leg.br/parlamentar/28\" target=\"_self\" title=\"\"><img class=\"image-inline external-image\" src=\"https://sapl.saolourencodooeste.sc.leg.br/media/sapl/public/parlamentar/28/justino_jose_tietbhol.jpg.128x128_q85_box-0%2C0%2C535%2C536_crop_detail.jpg\" /></a></td>\r\n<td><strong><a class=\"external-link\" href=\"https://sapl.saolourencodooeste.sc.leg.br/parlamentar/28\" target=\"_self\" title=\"\">Justino Jos\u00e9 Tietbohl</a></strong></td>\r\n<td>PSD</td>\r\n<td>16/02/1962</td>\r\n<td>31/01/1963</td>\r\n</tr>\r\n<tr>\r\n<td class=\"xl67\">3</td>\r\n<td class=\"xl67\"><a class=\"external-link\" href=\"https://sapl.saolourencodooeste.sc.leg.br/parlamentar/28\" target=\"_self\" title=\"\"><img class=\"image-inline external-image\" src=\"https://sapl.saolourencodooeste.sc.leg.br/media/sapl/public/parlamentar/28/justino_jose_tietbhol.jpg.128x128_q85_box-0%2C0%2C535%2C536_crop_detail.jpg\" /></a></td>\r\n<td><strong><a class=\"external-link\" href=\"https://sapl.saolourencodooeste.sc.leg.br/parlamentar/31\" target=\"_self\" title=\"\"><strong></strong></a><strong><a class=\"external-link\" href=\"https://sapl.saolourencodooeste.sc.leg.br/parlamentar/31\" target=\"_self\" title=\"\"><strong></strong></a><strong><a class=\"external-link\" href=\"https://sapl.saolourencodooeste.sc.leg.br/parlamentar/28\" target=\"_self\" title=\"\">Justino Jos\u00e9 Tietbohl</a></strong></strong></strong></td>\r\n<td><span><span>PSD</span></span></td>\r\n<td>08/02/1961</td>\r\n<td>16/02/1962</td>\r\n</tr>\r\n<tr>\r\n<td class=\"xl67\">2</td>\r\n<td class=\"xl67\"><a class=\"external-link\" href=\"https://sapl.saolourencodooeste.sc.leg.br/parlamentar/31\" target=\"_self\" title=\"\"><img class=\"image-inline external-image\" src=\"https://sapl.saolourencodooeste.sc.leg.br/media/sapl/public/parlamentar/31/valentin_rosso.jpg.128x128_q85_box-0%2C27%2C548%2C574_crop_detail.jpg\" /></a></td>\r\n<td><strong><a class=\"external-link\" href=\"https://sapl.saolourencodooeste.sc.leg.br/parlamentar/31\" target=\"_self\" title=\"\"><strong></strong></a><strong><a class=\"external-link\" href=\"https://sapl.saolourencodooeste.sc.leg.br/parlamentar/31\" target=\"_self\" title=\"\">Valentin Rosso</a></strong></strong></td>\r\n<td><span>PSD</span></td>\r\n<td>04/05/1960</td>\r\n<td>08/02/1961</td>\r\n</tr>\r\n<tr>\r\n<td class=\"xl67\">1</td>\r\n<td class=\"xl67\"><a class=\"external-link\" href=\"https://sapl.saolourencodooeste.sc.leg.br/parlamentar/31\" target=\"_self\" title=\"\"><img class=\"image-inline external-image\" src=\"https://sapl.saolourencodooeste.sc.leg.br/media/sapl/public/parlamentar/31/valentin_rosso.jpg.128x128_q85_box-0%2C27%2C548%2C574_crop_detail.jpg\" /></a></td>\r\n<td><strong><a class=\"external-link\" href=\"https://sapl.saolourencodooeste.sc.leg.br/parlamentar/31\" target=\"_self\" title=\"\">Valentin Rosso</a></strong></td>\r\n<td>PSD</td>\r\n<td>31/01/1959</td>\r\n<td>04/05/1960</td>\r\n</tr>\r\n<tr class=\"odd\">\r\n<td class=\"xl67\"><strong>1\u00aa</strong></td>\r\n<td class=\"xl67\"><strong>Legislatura</strong></td>\r\n<td></td>\r\n<td></td>\r\n<td><strong>31/01/1959</strong></td>\r\n<td><strong>31/01/1963</strong></td>\r\n</tr>\r\n</tbody>\r\n</table>\r\n<p>\u00a0</p>\r\n<p>Elabora\u00e7\u00e3o: F\u00e1bio Henrique Regert / Departamento de Comunica\u00e7\u00e3o</p>\r\n<p>Fontes: Livros de Atas (de 1959 a 2004), Livro de Posse e Acervo de Mem\u00f3rias</p>", "author_name": "", "version": "1.0", "author_url": "https://www.saolourencodooeste.sc.leg.br/author/fabio.regert", "provider_name": "C\u00e2mara Municipal de S\u00e3o Louren\u00e7o do Oeste", "type": "rich"}