{"provider_url": "https://www.saolourencodooeste.sc.leg.br", "title": "Estrutura Administrativa", "html": "<h2 style=\"text-align: center; \"></h2>\r\n<h3 style=\"text-align: left; \"><strong><span style=\"text-align: center; \">Organograma</span></strong></h3>\r\n<p><strong><span style=\"text-align: center; \"><br /></span></strong></p>\r\n<p style=\"text-align: left; \"><a title=\"\" href=\"https://www.saolourencodooeste.sc.leg.br/institucional/estrutura/regulamento\" class=\"external-link\" target=\"_self\"><img src=\"https://www.saolourencodooeste.sc.leg.br/imagens/OrganogramaV.png\" alt=\"\" class=\"image-inline\" title=\"\" /></a></p>\r\n<p style=\"text-align: left; \">\u00a0</p>\r\n<h3 style=\"text-align: justify; \"><span style=\"text-align: center; \">Plen\u00e1rio</span></h3>\r\n<p style=\"text-align: justify; \"><span style=\"text-align: center; \"><br /></span></p>\r\n<table class=\"listing\">\r\n<tbody>\r\n<tr><th>Cargo</th><th>Nome</th><th>E-mail</th></tr>\r\n<tr>\r\n<td>Vereador</td>\r\n<td>Altair Borges\u00a0</td>\r\n<td></td>\r\n</tr>\r\n<tr>\r\n<td>Vereador</td>\r\n<td>Cesar Luiz Piran</td>\r\n<td></td>\r\n</tr>\r\n<tr>\r\n<td><span>Vereador</span></td>\r\n<td>Edison Demarchi</td>\r\n<td></td>\r\n</tr>\r\n<tr>\r\n<td><span>Vereador</span></td>\r\n<td>Edson Ferrari\u00a0</td>\r\n<td></td>\r\n</tr>\r\n<tr>\r\n<td><span>Vereador</span></td>\r\n<td>Jader Gabriel Ioris</td>\r\n<td></td>\r\n</tr>\r\n<tr>\r\n<td><span>Vereador</span></td>\r\n<td>Jo\u00e3o Carlos Suldowski</td>\r\n<td></td>\r\n</tr>\r\n<tr>\r\n<td><span>Vereador</span></td>\r\n<td>Julcemir Bombassaro</td>\r\n<td></td>\r\n</tr>\r\n<tr>\r\n<td><span>Vereador</span></td>\r\n<td>Mauro Cesar Michelon</td>\r\n<td></td>\r\n</tr>\r\n<tr>\r\n<td><span>Vereador</span></td>\r\n<td>Sabino Zilli</td>\r\n<td></td>\r\n</tr>\r\n</tbody>\r\n</table>\r\n<p style=\"text-align: justify; \">\u00a0</p>\r\n<h3 style=\"text-align: justify; \"><a title=\"\" href=\"https://www.saolourencodooeste.sc.leg.br/institucional/estrutura/mesa-diretora-2/mesa-diretora\" class=\"internal-link\" target=\"_self\">Mesa Diretora</a></h3>\r\n<p style=\"text-align: justify; \">\u00a0</p>\r\n<table class=\"listing\">\r\n<tbody>\r\n<tr><th>Cargo</th><th>Nome</th><th>E-mail</th></tr>\r\n<tr>\r\n<td>Presidente</td>\r\n<td><span>Edison Demarchi</span></td>\r\n<td></td>\r\n</tr>\r\n<tr>\r\n<td>Vice-Presidente</td>\r\n<td><span>Sabino Zilli</span></td>\r\n<td></td>\r\n</tr>\r\n<tr>\r\n<td>1\u00ba Secret\u00e1rio</td>\r\n<td>Altair Borges\u00a0</td>\r\n<td></td>\r\n</tr>\r\n<tr>\r\n<td>2\u00ba Secret\u00e1rio</td>\r\n<td><span>Mauro Cesar Michelon</span></td>\r\n<td></td>\r\n</tr>\r\n</tbody>\r\n</table>\r\n<p style=\"text-align: justify; \">\u00a0</p>\r\n<h3 style=\"text-align: justify; \"><a title=\"\" href=\"https://www.saolourencodooeste.sc.leg.br/institucional/estrutura/procuradoria\" class=\"internal-link\" target=\"_self\">Procuradoria</a></h3>\r\n<p style=\"text-align: justify; \">\u00a0</p>\r\n<table class=\"listing\">\r\n<tbody>\r\n<tr><th>Cargo</th><th>Nome</th><th>E-mail</th></tr>\r\n<tr>\r\n<td>Procurador - Respons\u00e1vel</td>\r\n<td>Scheila Cristiane Grefin</td>\r\n<td></td>\r\n</tr>\r\n</tbody>\r\n</table>\r\n<p style=\"text-align: justify; \">\u00a0</p>\r\n<h3 style=\"text-align: justify; \"><a title=\"\" href=\"https://www.saolourencodooeste.sc.leg.br/institucional/estrutura/unidade-de-controle-interno\" class=\"internal-link\" target=\"_self\">Unidade de Controle Interno</a></h3>\r\n<p style=\"text-align: justify; \">\u00a0</p>\r\n<table class=\"listing\">\r\n<tbody>\r\n<tr><th>Cargo</th><th>Nome</th><th>E-mail</th></tr>\r\n<tr>\r\n<td>Respons\u00e1vel</td>\r\n<td>\u00c9derson Hermann</td>\r\n<td></td>\r\n</tr>\r\n</tbody>\r\n</table>\r\n<p style=\"text-align: justify; \">\u00a0</p>\r\n<h3 style=\"text-align: justify; \"><a title=\"\" href=\"https://www.saolourencodooeste.sc.leg.br/institucional/estrutura/secretaria-executiva\" class=\"internal-link\" target=\"_self\">Secretaria Executiva</a></h3>\r\n<p style=\"text-align: justify; \">\u00a0</p>\r\n<table class=\"listing\">\r\n<tbody>\r\n<tr><th>Cargo</th><th>Nome</th><th>E-mail</th></tr>\r\n<tr>\r\n<td>Secret\u00e1rio Executivo - Respons\u00e1vel</td>\r\n<td>\u00c9derson Hermann</td>\r\n<td></td>\r\n</tr>\r\n<tr>\r\n<td>Assistente Administrativo e Legislativo</td>\r\n<td>Daniela Cristina Puerari Esser</td>\r\n<td></td>\r\n</tr>\r\n<tr>\r\n<td>Agente Administrativo</td>\r\n<td><span>Tatiane Lussani Dal Pont</span></td>\r\n<td></td>\r\n</tr>\r\n<tr>\r\n<td>Contador\u00a0</td>\r\n<td>Edisson Piletti\u00a0</td>\r\n<td></td>\r\n</tr>\r\n<tr>\r\n<td>Auxiliar Administrativo e Parlamentar</td>\r\n<td>Kelly Suzana Spenassato</td>\r\n<td></td>\r\n</tr>\r\n<tr>\r\n<td>Servi\u00e7os Gerais</td>\r\n<td>Marlene F\u00e1tima Ayres Bauermann</td>\r\n<td></td>\r\n</tr>\r\n</tbody>\r\n</table>\r\n<p style=\"text-align: justify; \">\u00a0</p>\r\n<h3 style=\"text-align: justify; \"><a title=\"\" href=\"https://www.saolourencodooeste.sc.leg.br/institucional/estrutura/departamento-de-comunicacao\" class=\"internal-link\" target=\"_self\">Departamento de Comunica\u00e7\u00e3o</a></h3>\r\n<p style=\"text-align: justify; \">\u00a0</p>\r\n<table class=\"listing\">\r\n<tbody>\r\n<tr><th>Cargo</th><th>Nome</th><th>E-mail</th></tr>\r\n<tr>\r\n<td>Diretora de Comunica\u00e7\u00e3o - Respons\u00e1vel</td>\r\n<td>Samara Graciolli</td>\r\n<td></td>\r\n</tr>\r\n<tr>\r\n<td>Agente de Comunica\u00e7\u00e3o</td>\r\n<td>F\u00e1bio Henrique Regert</td>\r\n<td></td>\r\n</tr>\r\n</tbody>\r\n</table>\r\n<p style=\"text-align: justify; \">\u00a0</p>\r\n<p style=\"text-align: justify; \"><strong>Legisla\u00e7\u00e3o de refer\u00eancia:</strong></p>\r\n<p style=\"text-align: justify; \"><strong><a title=\"\" href=\"https://www.saolourencodooeste.sc.leg.br/institucional/estrutura/regulamento\" class=\"external-link\" target=\"_self\">Lei Complementar n\u00ba 130, de 18 de julho de 2011</a></strong><span> -\u00a0Disp\u00f5e sobre a Reformula\u00e7\u00e3o da Estrutura Administrativa, Plano de Cargos, Carreira e Vencimentos da C\u00e2mara Municipal de Vereadores de S\u00e3o Louren\u00e7o do Oeste e d\u00e1 outras provid\u00eancias.</span></p>", "author_name": "Interlegis", "version": "1.0", "author_url": "https://www.saolourencodooeste.sc.leg.br/author/Interlegis", "provider_name": "C\u00e2mara Municipal de S\u00e3o Louren\u00e7o do Oeste", "type": "rich"}