{"provider_url": "https://www.saolourencodooeste.sc.leg.br", "title": "Sess\u00e3o Ordin\u00e1ria", "html": "<p>\u00a0</p>\r\n<p><strong>T\u00edtulo completo:</strong></p>\r\n<p><strong></strong>28\u00aa Sess\u00e3o Ordin\u00e1ria de 2023 da 3\u00aa Sess\u00e3o Legislativa da 16\u00aa Legislatura</p>\r\n<p><strong><br /></strong></p>\r\n<p><strong>Informa\u00e7\u00f5es:</strong></p>\r\n<p>Clique\u00a0<a class=\"external-link\" href=\"https://sapl.saolourencodooeste.sc.leg.br/sessao/pesquisar-sessao\" target=\"_self\" title=\"\">AQUI</a>\u00a0para consultar as informa\u00e7\u00f5es da sess\u00e3o plen\u00e1ria</p>\r\n<p>A sess\u00e3o fica dispon\u00edvel com a publica\u00e7\u00e3o da pauta e as<span>\u00a0demais informa\u00e7\u00f5es s\u00e3o adicionadas no decorrer e ap\u00f3s o evento</span></p>", "author_name": "", "version": "1.0", "author_url": "https://www.saolourencodooeste.sc.leg.br/author/fabio.regert", "provider_name": "C\u00e2mara Municipal de S\u00e3o Louren\u00e7o do Oeste", "type": "rich"}